{"id":144,"date":"2014-05-24T10:31:01","date_gmt":"2014-05-24T08:31:01","guid":{"rendered":"http:\/\/thinkdo.se\/blog\/?p=144"},"modified":"2014-06-07T13:17:12","modified_gmt":"2014-06-07T11:17:12","slug":"nu-spurtar-federley-2","status":"publish","type":"post","link":"http:\/\/thinkdo.se\/blog\/?p=144","title":{"rendered":"NU SPURTAR FEDERLEY!"},"content":{"rendered":"<p><strong>Med knappt tv\u00e5 dagar kvar till EU-valet den 25 maj \u00e4r pulsen h\u00f6g I Fredrick Federley\u2019s valkampanj. Fr\u00e5n l\u00e5ga siffror f\u00f6r centerpartiet I olika opinionsm\u00e4tningar ser det ljusare ut. I den senaste m\u00e4tningen av Novus ber\u00e4knas partiet f\u00e5 5 procent av r\u00f6sterna. I valet 2009 fick piratpartiet 7, 1 procent och det r\u00e4ckte till tv\u00e5 mandat.\u00a0<\/strong><\/p>\n<p><a href=\"http:\/\/thinkdo.se\/blog\/wp-content\/uploads\/2014\/05\/FFUN-e1400887150227.jpg\"><img loading=\"lazy\" decoding=\"async\" class=\"size-medium wp-image-147 alignleft\" src=\"http:\/\/thinkdo.se\/blog\/wp-content\/uploads\/2014\/05\/FFUN-e1400887150227-225x300.jpg\" alt=\"FFUN\" width=\"225\" height=\"300\" srcset=\"http:\/\/thinkdo.se\/blog\/wp-content\/uploads\/2014\/05\/FFUN-e1400887150227-225x300.jpg 225w, http:\/\/thinkdo.se\/blog\/wp-content\/uploads\/2014\/05\/FFUN-e1400887150227.jpg 480w\" sizes=\"auto, (max-width: 225px) 100vw, 225px\" \/><\/a><br \/>\nJag \u00e4r bekant med Fredrick\u00a0sedan tidigare och har med stort intresse\u00a0f\u00f6ljt hans kampanj p\u00e5 n\u00e4tet och I media sedan starten f\u00f6rra h\u00f6sten. Han har gjort ett enormt arbete som omfattat bes\u00f6k i \u00f6ver 90 kommuner, studiecirklar och \u00f6ppna kampanjverkst\u00e4der. Med politiker som Federley blir demokratin levande och trov\u00e4rdig. Som tredje namn p\u00e5 centerpartiets lista beh\u00f6ver han kryssas in I EU och jag tror han kommer att lyckas. Ig\u00e5r bes\u00f6kte jag Fredrick i valstugan p\u00e5 Sergels torg f\u00f6r att heja p\u00e5 och byta n\u00e5gra ord i slutspurten.<\/p>\n<p>Fredrick Federley har alla egenskaper som beh\u00f6vs f\u00f6r att verka I Europaparlamentet. Han \u00e4r utbildad statsvetare och har varit politiskt engagerad i hur manga \u00e5r som helst. Fr\u00e5n att ha varit ordf\u00f6rande f\u00f6r centerpartiets ungdomsf\u00f6rbund kom han 2006 in i riksdagen. I riksdagen har han varit centerpartiets representant i EU-n\u00e4mnden de senaste \u00e5tta \u00e5ren och bland annat deltagit i OSSE-samarbetet. Han \u00e4r kunnig om Europafr\u00e5gor fr\u00e5n ett lokalt och nationellt perspektiv, s\u00e4rskilt kunnig om migration, s\u00e4kerhetspolitiska fr\u00e5gor och internet. Under sitt engagemang som politiker har han skapat ett Europeiskt n\u00e4tverk med v\u00e4rdefulla kontakter. Han \u00e4r en id\u00e9politiker som t\u00f6rs och v\u00e5gar st\u00e5 upp f\u00f6r sina v\u00e4rderingar och m\u00e4nniskors lika v\u00e4rde och handla d\u00e4rtill. Han \u00e4r en ocks\u00e5 en omtyckt politiker med goda relationer \u00f6ver partigr\u00e4nser och han \u00e4r en beg\u00e5vad och v\u00e4lformulerad debatt\u00f6r p\u00e5 svenska och engelska. Tror han har grunderna i fler spr\u00e5k men minns inte vilka. Att kunna flera europeiska spr\u00e5k i tal och skrift \u00e4r s\u00e5klart meriterande n\u00e4r man kandiderar till Europaparlamentet.<\/p>\n<p>Fredrick Federleys personvalskampanj tar sin utg\u00e5ngspunkt I centerpartiets gemensamma valplattform f\u00f6r EU-valet 2014.<\/p>\n<p>Centerpartiet arbetar f\u00f6r att:<\/p>\n<ul>\n<li>EU blir smalare men vassare.<\/li>\n<li>EU blir gr\u00f6nare.<\/li>\n<li>Samarbetet underl\u00e4ttar f\u00f6r jobb och tillv\u00e4xt I hela Europa.<\/li>\n<li>EU \u00e4r \u00f6ppet och solidariskt.<\/li>\n<li>Euron inte ska inf\u00f6ras som valuta I Sverige.<\/li>\n<\/ul>\n<p>Federley v\u00e4rnar om<\/p>\n<ul>\n<li>\u00d6kad r\u00f6rlighet<\/li>\n<li>St\u00e4rkt Integritet<\/li>\n<li>B\u00e4ttre djurskydd<\/li>\n<\/ul>\n<p>Att r\u00f6sta I EU-valet \u00e4r inte samma sak som att r\u00f6sta I de nationella valen. Det kan f\u00f6r v\u00e4ljaren handla om en kompromiss mellan ideologisk \u00f6vertygelse, enstaka intressefr\u00e5gor och personliga egenskaper. Centerpartiet har en I grunden positiv syn p\u00e5 EU med vissa pragmatiska reservationer. Byr\u00e5kratin f\u00e5r inte v\u00e4xa och Euron ska inte inf\u00f6ras som valuta I Sverige. \u00a0Jag vill ha mer Europa, en gemensam kulturpolitik och ha kvar j\u00e4mst\u00e4lldhetsinstitutet! Jag tycker det \u00e4r en d\u00e5lig id\u00e9 att banta en redan bantad byr\u00e5krati. Det \u00e4r en myt att EU \u00e4r en byr\u00e5kratisk koloss, sanningen \u00e4r den att EU: s administration I j\u00e4mf\u00f6relse med en nationalstat \u00e4r mycket slimmad.<\/p>\n<p>F\u00f6r mig \u00e4r Fredrick Federley bredare \u00e4n sitt parti.\u00a0\u00c4ven om jag inte delar centerpartiets syn I alla fr\u00e5gor kan jag r\u00f6sta p\u00e5 honom.\u00a0<span style=\"line-height: 1.714285714; font-size: 1rem;\">Jag vet att han kommer att st\u00e5 upp f\u00f6r utvecklingen av ett starkt Europa om \u00e4n lite smalare \u00e4n det Europa jag \u00f6nskar mig I framtiden. Han kommer att st\u00e5 upp emot den framv\u00e4xande fr\u00e4mlingsfientligheten i Europa. Han kommer att verka f\u00f6r fred, demokrati och m\u00e4nskliga r\u00e4ttigheter f\u00f6r kvinnor och barn, m\u00e5ngfald och tillg\u00e4nglighet, f\u00f6r en gr\u00f6n ekonomi och \u00f6kad r\u00f6rlighet, f\u00f6r utvecklingen av ett digitalt kunskapssamh\u00e4lle med st\u00e4rkt integritet och inte minst f\u00f6r djurens v\u00e4lf\u00e4rd. Fredrick kommer att vara drivande n\u00e4r det g\u00e4ller och kommer att kunna representera mig som svensk Europeisk medborgare I internationella relationer. Vi delar v\u00e4rderingar och samsyn i m\u00e5nga f\u00f6r mig avg\u00f6rande fr\u00e5gor. <\/span><\/p>\n<p><span style=\"line-height: 1.714285714; font-size: 1rem;\">Jag k\u00e4nner mig trygg att r\u00f6sta p\u00e5 Fredrick Federley i Europaparlamentsvalet \u00e4ven om jag kompromissar med en del av min demokratiska \u00f6vertygelse.\u00a0Vem vill inte\u00a0kryssa en sakkunnig och gener\u00f6s politiker med sunda v\u00e4rderingar och hj\u00e4rta I det han g\u00f6r?\u00a0Med det sagt \u00e4r jag inte centerpartist utan fortfarande obunden ett politiskt parti. En v\u00e4ljare som varje g\u00e5ng g\u00f6r en demokratisk valanalys innan jag r\u00f6star. I historien har jag r\u00f6stat olika. I det h\u00e4r valet r\u00f6star jag p\u00e5 en vass toppkandidat i<\/span><span style=\"line-height: 1.714285714; font-size: 1rem;\">\u00a0valr\u00f6relsen som tror p\u00e5 Europa som en i grunden god id\u00e9.<\/span><\/p>\n<p><span style=\"line-height: 1.714285714; font-size: 1rem;\">Fredrick Federley om n\u00e5gon f\u00f6rtj\u00e4nar att komma in i Europaparlamentet, med h\u00e5rt arbete och en begr\u00e4nsad kampanjbudget har han lyckats skapa en hel folkr\u00f6relse kring sin kandidatur. Lyckas centerpartiet f\u00e5 tv\u00e5 mandat i EU-valet \u00e4r det tack vare Federley-effekten.\u00a0<\/span>Sverige beh\u00f6ver Fredrick Federley i Europa. Europa beh\u00f6ver Fredrick Federley.\u00a0Jag \u00f6nskar Fredrick lycka till och h\u00e5ller tummarna! Han platsar i Europaparlamentet och kommer att g\u00f6ra skillnad.<\/p>\n<p><span style=\"line-height: 1.714285714; font-size: 1rem;\"><a href=\"http:\/\/thinkdo.se\/blog\/wp-content\/uploads\/2014\/05\/opinionsm\u00e4tning.jpg\"><img loading=\"lazy\" decoding=\"async\" class=\"alignleft size-medium wp-image-156\" src=\"http:\/\/thinkdo.se\/blog\/wp-content\/uploads\/2014\/05\/opinionsm\u00e4tning-300x168.jpg\" alt=\"opinionsm\u00e4tning\" width=\"300\" height=\"168\" srcset=\"http:\/\/thinkdo.se\/blog\/wp-content\/uploads\/2014\/05\/opinionsm\u00e4tning-300x168.jpg 300w, http:\/\/thinkdo.se\/blog\/wp-content\/uploads\/2014\/05\/opinionsm\u00e4tning-500x281.jpg 500w, http:\/\/thinkdo.se\/blog\/wp-content\/uploads\/2014\/05\/opinionsm\u00e4tning.jpg 612w\" sizes=\"auto, (max-width: 300px) 100vw, 300px\" \/><\/a><br \/>\nL\u00e4s mer om <a title=\"Centerpartiets Valplattform\" href=\"http:\/\/www.centerpartiet.se\/eu-val\/\" target=\"_blank\">centerpartiets EU-valsplattform<\/a>.<\/span><\/p>\n<p>F\u00f6lj Fredricks kampanj i hans blogg <a title=\"Fredrick Federley Blogg\" href=\"http:\/\/federley.se\" target=\"_blank\">www.Federley.se<\/a>.<\/p>\n<p>Idag debatterar Fredrick p\u00e5 M\u00e4larh\u00f6jdfesten kl. 12. 30 f\u00f6r den som vill lyssna.<\/p>\n","protected":false},"excerpt":{"rendered":"<p>Med knappt tv\u00e5 dagar kvar till EU-valet den 25 maj \u00e4r pulsen h\u00f6g I Fredrick Federley\u2019s valkampanj. Fr\u00e5n l\u00e5ga siffror f\u00f6r centerpartiet I olika opinionsm\u00e4tningar ser det ljusare ut. I den senaste m\u00e4tningen av Novus ber\u00e4knas partiet f\u00e5 5 procent av r\u00f6sterna. I valet 2009 fick piratpartiet 7, 1 procent och det r\u00e4ckte till tv\u00e5 [&hellip;]<\/p>\n","protected":false},"author":2,"featured_media":0,"comment_status":"open","ping_status":"open","sticky":false,"template":"","format":"standard","meta":{"footnotes":""},"categories":[1],"tags":[7,9,6,20,21,26,22],"class_list":["post-144","post","type-post","status-publish","format-standard","hentry","category-valbloggen-2014","tag-25-maj","tag-debatt","tag-eu-val","tag-europa","tag-samhalle","tag-toppkandidat","tag-valfokus"],"_links":{"self":[{"href":"http:\/\/thinkdo.se\/blog\/index.php?rest_route=\/wp\/v2\/posts\/144","targetHints":{"allow":["GET"]}}],"collection":[{"href":"http:\/\/thinkdo.se\/blog\/index.php?rest_route=\/wp\/v2\/posts"}],"about":[{"href":"http:\/\/thinkdo.se\/blog\/index.php?rest_route=\/wp\/v2\/types\/post"}],"author":[{"embeddable":true,"href":"http:\/\/thinkdo.se\/blog\/index.php?rest_route=\/wp\/v2\/users\/2"}],"replies":[{"embeddable":true,"href":"http:\/\/thinkdo.se\/blog\/index.php?rest_route=%2Fwp%2Fv2%2Fcomments&post=144"}],"version-history":[{"count":20,"href":"http:\/\/thinkdo.se\/blog\/index.php?rest_route=\/wp\/v2\/posts\/144\/revisions"}],"predecessor-version":[{"id":212,"href":"http:\/\/thinkdo.se\/blog\/index.php?rest_route=\/wp\/v2\/posts\/144\/revisions\/212"}],"wp:attachment":[{"href":"http:\/\/thinkdo.se\/blog\/index.php?rest_route=%2Fwp%2Fv2%2Fmedia&parent=144"}],"wp:term":[{"taxonomy":"category","embeddable":true,"href":"http:\/\/thinkdo.se\/blog\/index.php?rest_route=%2Fwp%2Fv2%2Fcategories&post=144"},{"taxonomy":"post_tag","embeddable":true,"href":"http:\/\/thinkdo.se\/blog\/index.php?rest_route=%2Fwp%2Fv2%2Ftags&post=144"}],"curies":[{"name":"wp","href":"https:\/\/api.w.org\/{rel}","templated":true}]}}