{"id":38,"date":"2014-05-09T12:05:51","date_gmt":"2014-05-09T10:05:51","guid":{"rendered":"http:\/\/thinkdo.se\/blog\/?p=38"},"modified":"2014-05-16T09:16:35","modified_gmt":"2014-05-16T07:16:35","slug":"eu-fragor-sammanblandas-med-inrikespolitik","status":"publish","type":"post","link":"http:\/\/thinkdo.se\/blog\/?p=38","title":{"rendered":"EU-FR\u00c5GOR SAMMANBLANDAS MED INRIKESPOLITIK"},"content":{"rendered":"<p><strong>Vet du vem du ska r\u00f6sta p\u00e5 i Europaparlamentsvalet den 25 maj 2014? Vet du vilka politikfr\u00e5gor som \u00e4r aktuella p\u00e5 EU-niv\u00e5n? Vet du att ungef\u00e4r 60 procent av alla de politiska besluten som fattas p\u00e5 kommunal niv\u00e5 i v\u00e5rt land p\u00e5verkas av EU?<\/strong><\/p>\n<p>Det har varit och \u00e4r fortfarande ganska tyst om EU i Sverige en m\u00e5nad innan valet till Europaparlamentet. Att f\u00e5 har koll p\u00e5 EU: s fr\u00e5gor och utmaningar visar en opinionsm\u00e4tning baserad p\u00e5 tv\u00e5 unders\u00f6kningar genomf\u00f6rda av Sifo och Skop under mars och april, p\u00e5 uppdrag av Stiftelsen Europa i Sverige. Det b\u00e5dar inte gott f\u00f6r demokratin. Den utbredda tystnad som r\u00e5der kring EU-fr\u00e5gor hos politiker och samh\u00e4llsdebatt\u00f6rer p\u00e5 nationell och lokal niv\u00e5 bidrar till en \u00f6kad euroskepticism. B\u00e5da unders\u00f6kningar f\u00f6reb\u00e5dar ett l\u00e5gt valdeltagande i det kommande Europaparlamentsvalet som tidigare \u00e5r legat kring 40 &#8211; 45 procent. N\u00e4r allm\u00e4nheten tillfr\u00e5gats av Sifo om vilken fr\u00e5ga de tycker \u00e4r den viktigaste valfr\u00e5gan i EU-valet kommer skola och utbildning p\u00e5 femte plats, trots att detta inte \u00e4r en fr\u00e5ga d\u00e4r EU har initiativr\u00e4tt. N\u00e4r allm\u00e4nheten tillfr\u00e5gas om de kan n\u00e4mna namnet p\u00e5 n\u00e5gon kandidat i EU-valet svarar 74 procent av de tillfr\u00e5gade \u201dingen\u201d, 4 procent Margot Wallstr\u00f6m som \u00e4r v\u00e5r f\u00f6rra svenska EU-kommission\u00e4r, medan 5 procent svarar Birgitta Ohlsson v\u00e5r nuvarande EU-minister. Den Europaparlamentariker som flest svenskar k\u00e4nner till \u00e4r folkpartiets Marit Paulsen. Det \u00e4r \u00e4nd\u00e5 f\u00f6rv\u00e5nande med vetskapen om tv\u00e5 s\u00e5 flitigt kampanjerande kandidater som moderaternas Anna-Maria Corazza Bildt och centerpartiets Fredrick Federley som borde h\u00f6rts och synts i tystnaden.<\/p>\n<p>Karakt\u00e4ren p\u00e5 de fr\u00e5gor som \u00e4r viktiga f\u00f6r Europaparlamentet skiljer sig fr\u00e5n kommunala och nationella partipolitiska fr\u00e5gor. EU har s\u00e5 kallad \u201dexklusiv kompetens\u201d inom ett begr\u00e4nsat omr\u00e5de som r\u00f6r den fria r\u00f6rligheten i Europa: varor, personer, tj\u00e4nster och kapital. Sj\u00e4lva grundstommen i EU-samarbetet, vilken omfattar handelspolitik, fiskepolitik, penningpolitik (Euron), konkurrens- och transportpolitik. EU har vidare en \u201ddelad kompetens\u201d med medlemsl\u00e4nderna inom ramen f\u00f6r s\u00e5 kallat mellanstatligt samarbete d\u00e4r initiativr\u00e4tten (r\u00e4tten att ta initiativ till nya lagar) \u00e4r delad mellan EU-kommissionen, Europeiska r\u00e5det och medlemsl\u00e4nderna. Ett s\u00e5dant omr\u00e5de \u00e4r den gemensamma milj\u00f6politiken d\u00e4r EU-niv\u00e5n trots allt lyckats bra med att s\u00e4tta \u00f6vergripande m\u00e5l, eller den gemensamma jordbrukspolitiken vilken m\u00e5nga l\u00e4nder vill avveckla och andra reformera. I \u00f6vrigt regionalpolitik, industripolitik, socialpolitik, migrationsfr\u00e5gor, s\u00e4kerhetspolitik och ekonomisk politik. Alla andra omr\u00e5den \u00e4r nationella kompetensomr\u00e5den \u00e4ven om det s\u00e5klart finns framv\u00e4xande omr\u00e5den med potential att utvecklas till ett nytt gemensamt kompetensomr\u00e5de f\u00f6r EU-niv\u00e5n p\u00e5 initiativ av medlemsl\u00e4nderna. Exempel p\u00e5 s\u00e5dana omr\u00e5den \u00e4r utbildnings- och kulturfr\u00e5gor d\u00e4r det p\u00e5g\u00e5r ett samarbete bland medlemsl\u00e4nder inom den s\u00e5 kallade \u201d\u00f6ppna samordningsmetoden\u201d, d\u00e4r medlemsstaterna sj\u00e4lva \u00e4ger all exklusiv beslutander\u00e4tt. Det finns ocks\u00e5 de som argumenterar f\u00f6r en femte frihet \u201dfriheten f\u00f6r kunskap\u201d, vilket bland annat Cecilia Wiklund (fp) har haft uppe p\u00e5 sin agenda som Europaparlamentariker under p\u00e5g\u00e5ende mandatperiod.<\/p>\n<p>Det finns b\u00e5de mjuka och h\u00e5rda fr\u00e5gor p\u00e5 EU-niv\u00e5 d\u00e4r vi kan ha en gemensam nytta av EU-samarbetet. Att de \u00e4r mer komplexa och tar l\u00e4ngre tid att f\u00f6rhandla om med flera l\u00e4nder involverade, och f\u00f6r allm\u00e4nheten att greppa, \u00e4r inte en urs\u00e4kt f\u00f6r svenska politiker att l\u00e5ta bli att lyfta dessa fr\u00e5gor till debatt b\u00e5de i Sverige och Europa. Fr\u00e5gorna beh\u00f6ver belysas och tillg\u00e4ngligg\u00f6ras f\u00f6r v\u00e4ljaren p\u00e5 ett demokratiskt vis \u00e4ven om det kan ta l\u00e4ngre tid och vara resurskr\u00e4vande. Det handlar \u00e5 ena sidan om att f\u00f6rmedla kopplingen mellan inrikespolitik och EU-politik till v\u00e4ljaren. Det handlar \u00e5 andra sidan om att f\u00f6rmedla kunskap om EU som en st\u00e4ndigt p\u00e5g\u00e5ende demokratisk samh\u00e4llsutveckling bortanf\u00f6r nationalismens begr\u00e4nsningar. Att v\u00e4cka debatten kring EU-fr\u00e5gor p\u00e5 nationell niv\u00e5 och kanske inte alls p\u00e5 kommunal niv\u00e5 s\u00e5 sent som en m\u00e5nad innan valdagen \u00e4r inte optimalt. Det bristf\u00e4lliga engagemanget f\u00f6r Europafr\u00e5gor hos v\u00e5ra svenska politiker och tj\u00e4nstem\u00e4n i offentlig f\u00f6rvaltning, samt inte minst hos media smittar s\u00e5klart av sig. Almedalsveckan \u00e4r hetare \u00e4n Europadagen den 9 maj.<\/p>\n<p>En intressant iakttagelse av Stiftelsen Sverige i Europa \u00e4r att de som tenderar att g\u00e5 och r\u00f6sta i Europaparlamentsvalet i Sverige \u00e4r de som tenderar att vara mer EU-positiva och engagerade, medan de som inte r\u00f6star ofta \u00e4r mer negativt inst\u00e4llda till EU. Vad kan det bero p\u00e5? En f\u00f6rklaring f\u00f6rutom den klassiska euroskepticismen kan i stor utstr\u00e4ckning bero p\u00e5 okunskap. Det senare kan yttra sig i en sammanblandning av inrikespolitik och EU-politiska fr\u00e5gor och skapa en os\u00e4kerhet hos v\u00e4ljaren. Vilket kanske leder till att f\u00e4rre r\u00f6star. EU-fr\u00e5gor \u00e4r otydliga och sv\u00e5ra att f\u00f6rst\u00e5 sig p\u00e5. De som r\u00f6star \u00e4r de redan insatta.<\/p>\n<p><em>Ta del av resultaten fr\u00e5n opinionsunders\u00f6kningarna genomf\u00f6rda av SIFO och SKOP under Clip till h\u00f6ger. Unders\u00f6kningarna presenterades av \u00d6rjan Hult\u00e5ker fr\u00e5n SKOP vid ett seminarium arrangerat av Svensk Tidskrift i samarbete med Stiftelsen Sverige i Europa den 29 april 2014. V\u00e4rd f\u00f6r seminariet var F\u00f6retagarna Stockholm Stad. <\/em><\/p>\n<p><em>L\u00e4s <a title=\"Svensk Tidskrift\" href=\"http:\/\/www.svensktidskrift.se\/?p=68652\" target=\"_blank\">Svensk Tidskrifts rapport<\/a> fr\u00e5n seminariet av Amanda Wollstad ledarskribent hos Kv\u00e4llsposten.<\/em><\/p>\n","protected":false},"excerpt":{"rendered":"<p>Vet du vem du ska r\u00f6sta p\u00e5 i Europaparlamentsvalet den 25 maj 2014? Vet du vilka politikfr\u00e5gor som \u00e4r aktuella p\u00e5 EU-niv\u00e5n? Vet du att ungef\u00e4r 60 procent av alla de politiska besluten som fattas p\u00e5 kommunal niv\u00e5 i v\u00e5rt land p\u00e5verkas av EU? Det har varit och \u00e4r fortfarande ganska tyst om EU i [&hellip;]<\/p>\n","protected":false},"author":2,"featured_media":0,"comment_status":"open","ping_status":"open","sticky":false,"template":"","format":"standard","meta":{"footnotes":""},"categories":[1],"tags":[7,10,9,11,6,20,21],"class_list":["post-38","post","type-post","status-publish","format-standard","hentry","category-valbloggen-2014","tag-25-maj","tag-all-europeisk","tag-debatt","tag-demokrati","tag-eu-val","tag-europa","tag-samhalle"],"_links":{"self":[{"href":"http:\/\/thinkdo.se\/blog\/index.php?rest_route=\/wp\/v2\/posts\/38","targetHints":{"allow":["GET"]}}],"collection":[{"href":"http:\/\/thinkdo.se\/blog\/index.php?rest_route=\/wp\/v2\/posts"}],"about":[{"href":"http:\/\/thinkdo.se\/blog\/index.php?rest_route=\/wp\/v2\/types\/post"}],"author":[{"embeddable":true,"href":"http:\/\/thinkdo.se\/blog\/index.php?rest_route=\/wp\/v2\/users\/2"}],"replies":[{"embeddable":true,"href":"http:\/\/thinkdo.se\/blog\/index.php?rest_route=%2Fwp%2Fv2%2Fcomments&post=38"}],"version-history":[{"count":4,"href":"http:\/\/thinkdo.se\/blog\/index.php?rest_route=\/wp\/v2\/posts\/38\/revisions"}],"predecessor-version":[{"id":48,"href":"http:\/\/thinkdo.se\/blog\/index.php?rest_route=\/wp\/v2\/posts\/38\/revisions\/48"}],"wp:attachment":[{"href":"http:\/\/thinkdo.se\/blog\/index.php?rest_route=%2Fwp%2Fv2%2Fmedia&parent=38"}],"wp:term":[{"taxonomy":"category","embeddable":true,"href":"http:\/\/thinkdo.se\/blog\/index.php?rest_route=%2Fwp%2Fv2%2Fcategories&post=38"},{"taxonomy":"post_tag","embeddable":true,"href":"http:\/\/thinkdo.se\/blog\/index.php?rest_route=%2Fwp%2Fv2%2Ftags&post=38"}],"curies":[{"name":"wp","href":"https:\/\/api.w.org\/{rel}","templated":true}]}}