{"id":66,"date":"2014-05-15T17:38:38","date_gmt":"2014-05-15T15:38:38","guid":{"rendered":"http:\/\/thinkdo.se\/blog\/?p=66"},"modified":"2014-05-16T10:21:01","modified_gmt":"2014-05-16T08:21:01","slug":"ljummen-debatt-om-eu-valet-i-sverige","status":"publish","type":"post","link":"http:\/\/thinkdo.se\/blog\/?p=66","title":{"rendered":"SVAL DEBATT OM EU-VALET I SVERIGE!"},"content":{"rendered":"<p><strong>EU-valet kopplas till riksdagsvalets fr\u00e5gor och f\u00e5r fortsatt litet media-utrymme i Sverige. Ikv\u00e4ll direkts\u00e4nds en historisk EU-debatt med Europaparlamentets ledande kandidater till ordf\u00f6randeposten i EU-kommissionen under n\u00e4sta mandatperiod men Sveriges Television s\u00e4nder inte i TV. <\/strong><\/p>\n<p>I enlighet med Lissabonf\u00f6rdraget ska n\u00e4sta ordf\u00f6rande till EU-kommissionen f\u00f6r f\u00f6rsta g\u00e5ngen utses med h\u00e4nsyn till det kommande valresultatet i Europaparlamentet. Vem som \u00e4r ordf\u00f6rande f\u00f6r EU-kommissionen \u00e4r ju extra viktigt, och vem han eller hon blir f\u00e5r vi veta efter valet. Det g\u00e5r att f\u00f6lja EU-debatten som s\u00e4nds live kl. 21. 00 ikv\u00e4ll fr\u00e5n Europaparlamentet i Bryssel on-line p\u00e5 svt.se, men SVT s\u00e4nder inte i TV! Ist\u00e4llet s\u00e4nds K\u00e4rlekskoden och Aktuellt? TV-publiken i Sverige kommer att f\u00e5 h\u00e5lla till godo med en del inspelade inslag i efterhand, som f\u00f6rmodligen kommer s\u00e4ndas i SVT 24. F\u00f6r sportevenemang och riksdagsvalet skyfflas det om i TV-tabl\u00e5n som av ren sj\u00e4lvklarhet, f\u00f6r EU-valet som \u00e4ger rum vart femte \u00e5r och ber\u00f6r den konkreta utvecklingen av v\u00e5rt gemensamma Europeiska samh\u00e4lle g\u00f6rs ingenting.<\/p>\n<p>\u00c4ven om det fortfarande \u00e4r medlemsl\u00e4nderna i det Europeiska r\u00e5det som beslutar om ny ordf\u00f6rande till EU-kommissionen ska de fr\u00e5n och med \u00e5rets EU-val ta h\u00e4nsyn till den politiska grupp som f\u00e5r st\u00f6rst majoritet i EU-valet. Just nu \u00e4r det v\u00e4ldigt j\u00e4mnt mellan de tv\u00e5 st\u00f6rsta politiska grupperingarna i parlamentet EPP (The European People\u2019s Party) vars kandidat \u00e4r Martin Schultz, och PES (The Party of European Socialists) vars kandidat \u00e4r Jean-Claude Juncker. Vilka de \u00e4r och vad de st\u00e5r f\u00f6r kommer vi att f\u00e5 veta mer om i kv\u00e4llens Eur(o)vison debatt.<\/p>\n<p>Nu \u00e4r det f\u00f6rst\u00e5s inte s\u00e5 s\u00e4kert att n\u00e5gon av dem faktiskt kommer att bli ordf\u00f6rande f\u00f6r den nya EU-kommissionen, \u00e4ven om deras politiska gruppering f\u00e5r st\u00f6rst majoritet i EU-valet, eftersom medlemsl\u00e4nderna tillsammans fortfarande har sista ordet och det handlar om ett indirekt val. Fler aspekter kommer s\u00e4kerligen att v\u00e4gas in i det slutgiltiga valet av ny ordf\u00f6rande. Flera av Europaparlamentets olika kandidater kan i slut\u00e4ndan komma att lyftas till posten n\u00e4r medlemsl\u00e4nderna ska b\u00f6rja kompromissa med varandra. Det g\u00e5r heller inte att utesluta att medlemsl\u00e4nderna enas om en alternativ ordf\u00f6rande f\u00f6r EU-kommissionen.<\/p>\n<p>Trots att valet av ny ordf\u00f6rande till EU-kommissionen fortfarande \u00e4r ett indirekt val \u00e4r det hursomhelst ett historiskt steg fram\u00e5t f\u00f6r demokratin p\u00e5 EU-niv\u00e5. Den lilla f\u00f6r\u00e4ndringen i Lissabonf\u00f6rdraget b\u00e4ddar f\u00f6r en \u00f6ppnare demokratisk process d\u00e4r v\u00e4ljaren och medborgaren f\u00e5r en viss demokratisk insyn i en tidigare helt sluten process. Fr\u00e5n EU-kommissions sida hoppas man att detta ska leda till ett mer demokratiskt val och en bredare all-europeisk debatt.<\/p>\n<p>Svensk televisions allm\u00e4nna ointresse att skapa utrymme f\u00f6r en kvalificerad och f\u00f6rdjupad EU-debatt bidrar till ett k\u00e4nt demokratiskt underskott i relationen mellan den nationella niv\u00e5n (inbegripet de regionala och lokala niv\u00e5erna) och EU-niv\u00e5n. St\u00e4llningstagandet vittnar om en i grunden euroskeptisk inst\u00e4llning till Europas framv\u00e4xt.<\/p>\n<p><strong>-Varf\u00f6r kan vi i Sverige inte f\u00e5 tala med varandra om Europas utveckling i en levande och bred debatt ist\u00e4llet?<\/strong><\/p>\n<p><strong>-Varf\u00f6r kommer EU fortfarande i andra hand?<\/strong><\/p>\n<p>I Sverige f\u00e5r vi som Europeiska medborgare inte ens m\u00f6jlighet att engagera oss brett i olika politiska fr\u00e5gest\u00e4llningar g\u00e4llande Europas framtid, som inf\u00f6r ett riksdagsval. EU representerar faktiskt en fj\u00e4rde politisk niv\u00e5 bredvid de nationella, regionala och lokala politiska niv\u00e5erna. Valet handlar inte om antingen, eller. Ovanf\u00f6r eller nedanf\u00f6r. Det handlar om vilket Europa vi vill se v\u00e4xa fram. Vilket Europa vi vill bo i och i grunden om m\u00e4nskliga r\u00e4ttigheter och demokratiska v\u00e4rden. Det hade varit roligt att se en direkts\u00e4ndning i svensk TV, en &#8221;hemmastudio&#8221; uppkopplad till debatten i Bryssel, med EU-experter och svenska kandidater till Europaparlamentsvalet. SVT har formatet <em>Debatt<\/em> som s\u00e4nds ikv\u00e4ll kl. 22. 00, t\u00e4nk vilket sp\u00e4nnande program det hade blivit i samverkan med Eurovision!<\/p>\n<p>Jag ser fram emot att f\u00f6lja Eurovision-debatten ikv\u00e4ll och lovar att \u00e5terkomma med mina reflektioner och ett mer f\u00f6rdjupat inl\u00e4gg under n\u00e4sta vecka.<\/p>\n<p><em>Ni som \u00e4r engagerade som jag f\u00f6r Europas framtid kan f\u00f6lja debatten h\u00e4r <a title=\"Eurovisiondebate.tv\" href=\"http:\/\/www.eurovisiondebate.tv\" target=\"_blank\">http:\/\/www.eurovisiondebate.tv<\/a>\u00a0eller p\u00e5 <a title=\"Eurovision.svt.se\" href=\"http:\/\/www.svt.se\/nyheter\/svtforum\/presidentdebatt-med-toppkandidaterna\" target=\"_blank\">http:\/\/www.svt.se\/nyheter\/svtforum\/presidentdebatt-med-toppkandidaterna<\/a>. \u00a0<\/em><em style=\"line-height: 1.714285714; font-size: 1rem;\">Bes\u00f6k <a title=\"Europarl\" href=\"http:\/\/www.europarl.europa.eu\/portal\/en\" target=\"_blank\">http:\/\/www.europarl.europa.eu\/portal\/en<\/a> f\u00f6r mer fakta om EU-valet.<\/em><\/p>\n","protected":false},"excerpt":{"rendered":"<p>EU-valet kopplas till riksdagsvalets fr\u00e5gor och f\u00e5r fortsatt litet media-utrymme i Sverige. Ikv\u00e4ll direkts\u00e4nds en historisk EU-debatt med Europaparlamentets ledande kandidater till ordf\u00f6randeposten i EU-kommissionen under n\u00e4sta mandatperiod men Sveriges Television s\u00e4nder inte i TV. I enlighet med Lissabonf\u00f6rdraget ska n\u00e4sta ordf\u00f6rande till EU-kommissionen f\u00f6r f\u00f6rsta g\u00e5ngen utses med h\u00e4nsyn till det kommande valresultatet i [&hellip;]<\/p>\n","protected":false},"author":2,"featured_media":0,"comment_status":"open","ping_status":"open","sticky":false,"template":"","format":"standard","meta":{"footnotes":""},"categories":[1],"tags":[7,10,9,11,6,20,8,21],"class_list":["post-66","post","type-post","status-publish","format-standard","hentry","category-valbloggen-2014","tag-25-maj","tag-all-europeisk","tag-debatt","tag-demokrati","tag-eu-val","tag-europa","tag-eurovision","tag-samhalle"],"_links":{"self":[{"href":"http:\/\/thinkdo.se\/blog\/index.php?rest_route=\/wp\/v2\/posts\/66","targetHints":{"allow":["GET"]}}],"collection":[{"href":"http:\/\/thinkdo.se\/blog\/index.php?rest_route=\/wp\/v2\/posts"}],"about":[{"href":"http:\/\/thinkdo.se\/blog\/index.php?rest_route=\/wp\/v2\/types\/post"}],"author":[{"embeddable":true,"href":"http:\/\/thinkdo.se\/blog\/index.php?rest_route=\/wp\/v2\/users\/2"}],"replies":[{"embeddable":true,"href":"http:\/\/thinkdo.se\/blog\/index.php?rest_route=%2Fwp%2Fv2%2Fcomments&post=66"}],"version-history":[{"count":16,"href":"http:\/\/thinkdo.se\/blog\/index.php?rest_route=\/wp\/v2\/posts\/66\/revisions"}],"predecessor-version":[{"id":85,"href":"http:\/\/thinkdo.se\/blog\/index.php?rest_route=\/wp\/v2\/posts\/66\/revisions\/85"}],"wp:attachment":[{"href":"http:\/\/thinkdo.se\/blog\/index.php?rest_route=%2Fwp%2Fv2%2Fmedia&parent=66"}],"wp:term":[{"taxonomy":"category","embeddable":true,"href":"http:\/\/thinkdo.se\/blog\/index.php?rest_route=%2Fwp%2Fv2%2Fcategories&post=66"},{"taxonomy":"post_tag","embeddable":true,"href":"http:\/\/thinkdo.se\/blog\/index.php?rest_route=%2Fwp%2Fv2%2Ftags&post=66"}],"curies":[{"name":"wp","href":"https:\/\/api.w.org\/{rel}","templated":true}]}}